[{"@context":"https:\/\/schema.org\/","@type":"Article","@id":"https:\/\/www.vendee.cz\/sorry-mame-zavreno\/#Article","mainEntityOfPage":"https:\/\/www.vendee.cz\/sorry-mame-zavreno\/","headline":"Sorry, m\u00e1me zav\u0159eno","name":"Sorry, m\u00e1me zav\u0159eno","description":"Na\u0161i politici sv\u00e9ho \u010dasu dosp\u011bli k n\u00e1zoru, \u017ee maj\u00ed pr\u00e1vo mluvit i do v\u011bc\u00ed soukromn\u00edk\u016f. A rozhodli, \u017ee zkr\u00e1tka tito, podnikaj\u00edc\u00ed v obchodn\u00ed sf\u00e9\u0159e, zkr\u00e1tka v n\u011bkter\u00fdch p\u0159\u00edpadech nebudou sm\u011bt provozovat sv\u00e9 \u017eivobyt\u00ed. Nam\u00edsto aby byli na\u0161i politici r\u00e1di, \u017ee jim tito podnikatel\u00e9 p\u0159isp\u00edvaj\u00ed formou odvod\u016f do st\u00e1tn\u00ed kasi\u010dky, z n\u00ed\u017e lze tak hezky rozhazovat [&hellip;]","datePublished":"2019-03-27","dateModified":"2023-05-02","author":{"@type":"Person","@id":"https:\/\/www.vendee.cz\/author\/#Person","name":"","url":"https:\/\/www.vendee.cz\/author\/","identifier":1,"image":{"@type":"ImageObject","@id":"https:\/\/secure.gravatar.com\/avatar\/739bdad9092f7204ebf16dfadfb581e3e92e1ade2f5cc299a7779b7760a7d2fc?s=96&d=mm&r=g","url":"https:\/\/secure.gravatar.com\/avatar\/739bdad9092f7204ebf16dfadfb581e3e92e1ade2f5cc299a7779b7760a7d2fc?s=96&d=mm&r=g","height":96,"width":96}},"publisher":{"@type":"Organization","name":"vendee.cz","logo":{"@type":"ImageObject","@id":"\/logo.png","url":"\/logo.png","width":600,"height":60}},"image":{"@type":"ImageObject","@id":"https:\/\/www.vendee.cz\/wp-content\/uploads\/img_a339946_w2332_t1552997340.jpg","url":"https:\/\/www.vendee.cz\/wp-content\/uploads\/img_a339946_w2332_t1552997340.jpg","height":0,"width":0},"url":"https:\/\/www.vendee.cz\/sorry-mame-zavreno\/","about":["N\u00e1kupy"],"wordCount":542,"articleBody":"Na\u0161i politici sv\u00e9ho \u010dasu dosp\u011bli k n\u00e1zoru, \u017ee maj\u00ed pr\u00e1vo mluvit i do v\u011bc\u00ed soukromn\u00edk\u016f. A rozhodli, \u017ee zkr\u00e1tka tito, podnikaj\u00edc\u00ed v obchodn\u00ed sf\u00e9\u0159e, zkr\u00e1tka v n\u011bkter\u00fdch p\u0159\u00edpadech nebudou sm\u011bt provozovat sv\u00e9 \u017eivobyt\u00ed.Nam\u00edsto aby byli na\u0161i politici r\u00e1di, \u017ee jim tito podnikatel\u00e9 p\u0159isp\u00edvaj\u00ed formou odvod\u016f do st\u00e1tn\u00ed kasi\u010dky, z n\u00ed\u017e lze tak hezky rozhazovat a t\u0159eba i korumpovat n\u011bkter\u00e9 voli\u010de, nam\u00edsto aby se tito politici radovali, na co v\u0161echno u\u017e jim prodejci k\u00fdvli, nam\u00edsto aby se sv\u00fdm podnik\u00e1n\u00edm jednodu\u0161e seknuli s t\u00edm, \u017ee to buzerov\u00e1n\u00ed v\u00e1\u017en\u011b nemaj\u00ed zapot\u0159eb\u00ed, rozhodli, \u017ee zkr\u00e1tka budou v\u0161echny v\u011bt\u0161\u00ed provozovny o konkr\u00e9tn\u011b vyjmenovan\u00fdch sv\u00e1tc\u00edch povinn\u011b zav\u0159eny.Politici rozhodli a . Nic jin\u00e9ho jim ani nezbylo, proto\u017ee byly sou\u010dasn\u011b stanoveny i sankce za poru\u0161en\u00ed tohoto p\u0159ik\u00e1z\u00e1n\u00ed sh\u016fry, a jak se dob\u0159e pamatujeme, ti, kdo si dovolili vzdorovat, u\u017e na to finan\u010dn\u011b doplatili.V\u0161echny prodejny o velikosti nad 200 \u010dtvere\u010dn\u00edch metr\u016f, p\u0159edev\u0161\u00edm velk\u00e9 markety, ale i v\u011bt\u0161\u00ed prodejny s oble\u010den\u00edm nebo kosmetikou, prost\u011b na povel shora zav\u00edraj\u00ed. A\u0165 se to l\u00edb\u00ed nebo nel\u00edb\u00ed jejich majitel\u016fm, jejich person\u00e1lu, kter\u00fd si prac\u00ed o sv\u00e1tc\u00edch vesm\u011bs finan\u010dn\u011b p\u0159ilep\u0161oval, a pochopiteln\u011b i z\u00e1kazn\u00edk\u016fm.N\u011bkte\u0159\u00ed podnikatel\u00e9 se s t\u00edmto politick\u00fdm rozhodnut\u00edm podle pr\u016fzkum\u016f sm\u00ed\u0159ili, s t\u00edm, \u017ee lid\u00e9 zkr\u00e1tka nakoup\u00ed v jin\u00fdch ne\u017e sv\u00e1te\u010dn\u00edch dnech a oni tud\u00ed\u017e o tr\u017eby nep\u0159ijdou, jin\u00ed jsou ale rozezleni, proto\u017ee o zisky p\u0159ich\u00e1zej\u00ed.Obdobn\u011b pr\u00fd sm\u00fd\u0161lej\u00ed i na\u0161inci, z nich\u017e pr\u00fd se nadpolovi\u010dn\u00ed v\u011bt\u0161ina snadno sm\u00ed\u0159\u00ed s t\u00edm, \u017ee si nakoup\u00ed v p\u0159edstihu. P\u0159i\u010dem\u017e jsou pr\u00fd pro toto uzav\u00edr\u00e1n\u00ed provozoven p\u0159edev\u0161\u00edm na\u0161e \u017eeny, kter\u00e9 \u010dast\u011bji pracuj\u00ed \u010di pracovaly jako prodava\u010dky a\/nebo maj\u00ed s prodava\u010dkami v\u00edce soucitu a to sv\u00e1te\u010dn\u00ed volno jim sp\u00ed\u0161e p\u0159ej\u00ed.A \u017een\u00e1m pr\u00fd u n\u00e1s toto zav\u00edr\u00e1n\u00ed prodejen vad\u00ed m\u00e9n\u011b ne\u017e mu\u017e\u016fm i proto, \u017ee tyto zpravidla po\u0159izuj\u00ed jednor\u00e1zov\u011b v\u011bt\u0161\u00ed n\u00e1kupy pro dom\u00e1cnost a jsou tak na m\u00e9n\u011b \u010dast\u00e9 n\u00e1kupy zvykl\u00e9, zat\u00edmco mu\u017ei jsou zvykl\u00ed nakupovat kdykoliv podle moment\u00e1ln\u00ed pot\u0159eby, nemysl\u00ed na p\u0159edstih a pak nelib\u011b nesou podobn\u00e9 v\u00fdpadky.Ale to je vlastn\u011b jedno. Politici prost\u011b rozhodli, \u017ee budou velk\u00e9 provozovny o sv\u00e1tc\u00edch zav\u0159eny, a to bez odvol\u00e1n\u00ed. A lid\u00e9 to akceptovali.Pro\u010d by tak\u00e9 ne, \u017ee? V\u017edy\u0165 u\u017e m\u00e1me \u201apraxi\u2018. V \u00fanoru osma\u010dty\u0159ic\u00e1t\u00e9ho roku se toho p\u0159ece zav\u0159elo a t\u011bch lid\u00ed za podnik\u00e1n\u00ed ztrestalo mnohem v\u00edce. A taky jsme to nakonec \u201aradostn\u011b\u2018 akceptovali.A snad to tentokr\u00e1t na\u0161i politici nedovedou ke stejn\u00e9 \u201adokonalosti\u2018 jako tehdy. Pro \u201ablaho prost\u00e9ho lidu\u2018.                                                                                                                                                                                                                                                                                                                                                                                        4.2\/5 - (8 votes)        "},{"@context":"https:\/\/schema.org\/","@type":"BreadcrumbList","itemListElement":[{"@type":"ListItem","position":1,"name":"Sorry, m\u00e1me zav\u0159eno","item":"https:\/\/www.vendee.cz\/sorry-mame-zavreno\/#breadcrumbitem"}]}]