[{"@context":"https:\/\/schema.org\/","@type":"Blog","@id":"https:\/\/www.vendee.cz#Blog","headline":"Vendee","description":"\nPot\u0159ebujete jenom ty nejspolehliv\u011bj\u0161\u00ed informace z domova i ze sv\u011bta? Pak je na\u0161e internetov\u00e1 str\u00e1nka m\u00edstem, kde se v\u00e1m pr\u00e1v\u011b takov\u00fdch informac\u00ed dostane.","url":"https:\/\/www.vendee.cz","hasPart":[{"@type":"Article","@id":"https:\/\/www.vendee.cz\/jak-si-uzit-svoji-vlastni-svatbu\/","headline":"Jak si u\u017e\u00edt svoj\u00ed vlastn\u00ed svatbu","url":"https:\/\/www.vendee.cz\/jak-si-uzit-svoji-vlastni-svatbu\/","datePublished":"2019-09-23","dateModified":"2023-05-02","mainEntityOfPage":"https:\/\/www.vendee.cz\/jak-si-uzit-svoji-vlastni-svatbu\/","author":{"@type":"Person","@id":"https:\/\/www.vendee.cz\/author\/#Person","name":"","url":"https:\/\/www.vendee.cz\/author\/","identifier":1,"image":{"@type":"ImageObject","@id":"https:\/\/secure.gravatar.com\/avatar\/739bdad9092f7204ebf16dfadfb581e3e92e1ade2f5cc299a7779b7760a7d2fc?s=96&d=mm&r=g","url":"https:\/\/secure.gravatar.com\/avatar\/739bdad9092f7204ebf16dfadfb581e3e92e1ade2f5cc299a7779b7760a7d2fc?s=96&d=mm&r=g","height":96,"width":96}},"publisher":{"@type":"Organization","name":"vendee.cz","logo":{"@type":"ImageObject","@id":"\/logo.png","url":"\/logo.png","width":600,"height":60}},"image":{"@type":"ImageObject","@id":"https:\/\/www.vendee.cz\/wp-content\/uploads\/img_a359069_w1736_t1573201491.jpg","url":"https:\/\/www.vendee.cz\/wp-content\/uploads\/img_a359069_w1736_t1573201491.jpg","height":0,"width":0},"wordCount":539,"keywords":null},{"@type":"Article","@id":"https:\/\/www.vendee.cz\/vezmete-nove-trendy-za-ruku\/","headline":"Vezm\u011bte nov\u00e9 trendy za ruku","url":"https:\/\/www.vendee.cz\/vezmete-nove-trendy-za-ruku\/","datePublished":"2019-09-17","dateModified":"2023-05-02","mainEntityOfPage":"https:\/\/www.vendee.cz\/vezmete-nove-trendy-za-ruku\/","author":{"@type":"Person","@id":"https:\/\/www.vendee.cz\/author\/#Person","name":"","url":"https:\/\/www.vendee.cz\/author\/","identifier":1,"image":{"@type":"ImageObject","@id":"https:\/\/secure.gravatar.com\/avatar\/739bdad9092f7204ebf16dfadfb581e3e92e1ade2f5cc299a7779b7760a7d2fc?s=96&d=mm&r=g","url":"https:\/\/secure.gravatar.com\/avatar\/739bdad9092f7204ebf16dfadfb581e3e92e1ade2f5cc299a7779b7760a7d2fc?s=96&d=mm&r=g","height":96,"width":96}},"publisher":{"@type":"Organization","name":"vendee.cz","logo":{"@type":"ImageObject","@id":"\/logo.png","url":"\/logo.png","width":600,"height":60}},"image":{"@type":"ImageObject","@id":"https:\/\/www.vendee.cz\/wp-content\/uploads\/img_a337240_w1736_t1550477654.jpg","url":"https:\/\/www.vendee.cz\/wp-content\/uploads\/img_a337240_w1736_t1550477654.jpg","height":0,"width":0},"wordCount":494,"keywords":null},{"@type":"Article","@id":"https:\/\/www.vendee.cz\/proc-si-neudelat-dobre\/","headline":"Pro\u010d si neud\u011blat dob\u0159e?","url":"https:\/\/www.vendee.cz\/proc-si-neudelat-dobre\/","datePublished":"2019-09-14","dateModified":"2023-05-02","mainEntityOfPage":"https:\/\/www.vendee.cz\/proc-si-neudelat-dobre\/","author":{"@type":"Person","@id":"https:\/\/www.vendee.cz\/author\/#Person","name":"","url":"https:\/\/www.vendee.cz\/author\/","identifier":1,"image":{"@type":"ImageObject","@id":"https:\/\/secure.gravatar.com\/avatar\/739bdad9092f7204ebf16dfadfb581e3e92e1ade2f5cc299a7779b7760a7d2fc?s=96&d=mm&r=g","url":"https:\/\/secure.gravatar.com\/avatar\/739bdad9092f7204ebf16dfadfb581e3e92e1ade2f5cc299a7779b7760a7d2fc?s=96&d=mm&r=g","height":96,"width":96}},"publisher":{"@type":"Organization","name":"vendee.cz","logo":{"@type":"ImageObject","@id":"\/logo.png","url":"\/logo.png","width":600,"height":60}},"image":{"@type":"ImageObject","@id":"https:\/\/www.vendee.cz\/wp-content\/uploads\/img_a351897_w1750_t1566457821.jpg","url":"https:\/\/www.vendee.cz\/wp-content\/uploads\/img_a351897_w1750_t1566457821.jpg","height":0,"width":0},"wordCount":548,"keywords":null},{"@type":"Article","@id":"https:\/\/www.vendee.cz\/obaly-temer-na-cokoliv\/","headline":"Obaly t\u00e9m\u011b\u0159 na cokoliv","url":"https:\/\/www.vendee.cz\/obaly-temer-na-cokoliv\/","datePublished":"2019-09-14","dateModified":"2023-05-02","mainEntityOfPage":"https:\/\/www.vendee.cz\/obaly-temer-na-cokoliv\/","author":{"@type":"Person","@id":"https:\/\/www.vendee.cz\/author\/#Person","name":"","url":"https:\/\/www.vendee.cz\/author\/","identifier":1,"image":{"@type":"ImageObject","@id":"https:\/\/secure.gravatar.com\/avatar\/739bdad9092f7204ebf16dfadfb581e3e92e1ade2f5cc299a7779b7760a7d2fc?s=96&d=mm&r=g","url":"https:\/\/secure.gravatar.com\/avatar\/739bdad9092f7204ebf16dfadfb581e3e92e1ade2f5cc299a7779b7760a7d2fc?s=96&d=mm&r=g","height":96,"width":96}},"publisher":{"@type":"Organization","name":"vendee.cz","logo":{"@type":"ImageObject","@id":"\/logo.png","url":"\/logo.png","width":600,"height":60}},"image":{"@type":"ImageObject","@id":"https:\/\/www.vendee.cz\/wp-content\/uploads\/img_a350159_w1743_t1565001103.jpg","url":"https:\/\/www.vendee.cz\/wp-content\/uploads\/img_a350159_w1743_t1565001103.jpg","height":0,"width":0},"wordCount":573,"keywords":null},{"@type":"Article","@id":"https:\/\/www.vendee.cz\/nechte-si-usit-vyhodnou-pujcku-na-miru\/","headline":"Nechte si u\u0161\u00edt v\u00fdhodnou p\u016fj\u010dku na m\u00edru!","url":"https:\/\/www.vendee.cz\/nechte-si-usit-vyhodnou-pujcku-na-miru\/","datePublished":"2019-09-12","dateModified":"2023-05-02","mainEntityOfPage":"https:\/\/www.vendee.cz\/nechte-si-usit-vyhodnou-pujcku-na-miru\/","author":{"@type":"Person","@id":"https:\/\/www.vendee.cz\/author\/#Person","name":"","url":"https:\/\/www.vendee.cz\/author\/","identifier":1,"image":{"@type":"ImageObject","@id":"https:\/\/secure.gravatar.com\/avatar\/739bdad9092f7204ebf16dfadfb581e3e92e1ade2f5cc299a7779b7760a7d2fc?s=96&d=mm&r=g","url":"https:\/\/secure.gravatar.com\/avatar\/739bdad9092f7204ebf16dfadfb581e3e92e1ade2f5cc299a7779b7760a7d2fc?s=96&d=mm&r=g","height":96,"width":96}},"publisher":{"@type":"Organization","name":"vendee.cz","logo":{"@type":"ImageObject","@id":"\/logo.png","url":"\/logo.png","width":600,"height":60}},"image":{"@type":"ImageObject","@id":"https:\/\/www.vendee.cz\/wp-content\/uploads\/img_a350515_w1778_t1565276301.png","url":"https:\/\/www.vendee.cz\/wp-content\/uploads\/img_a350515_w1778_t1565276301.png","height":0,"width":0},"wordCount":550,"keywords":null},{"@type":"Article","@id":"https:\/\/www.vendee.cz\/usetrete-eliminaci-svych-zavislosti\/","headline":"U\u0161et\u0159ete eliminac\u00ed sv\u00fdch z\u00e1vislost\u00ed","url":"https:\/\/www.vendee.cz\/usetrete-eliminaci-svych-zavislosti\/","datePublished":"2019-09-12","dateModified":"2023-05-02","mainEntityOfPage":"https:\/\/www.vendee.cz\/usetrete-eliminaci-svych-zavislosti\/","author":{"@type":"Person","@id":"https:\/\/www.vendee.cz\/author\/#Person","name":"","url":"https:\/\/www.vendee.cz\/author\/","identifier":1,"image":{"@type":"ImageObject","@id":"https:\/\/secure.gravatar.com\/avatar\/739bdad9092f7204ebf16dfadfb581e3e92e1ade2f5cc299a7779b7760a7d2fc?s=96&d=mm&r=g","url":"https:\/\/secure.gravatar.com\/avatar\/739bdad9092f7204ebf16dfadfb581e3e92e1ade2f5cc299a7779b7760a7d2fc?s=96&d=mm&r=g","height":96,"width":96}},"publisher":{"@type":"Organization","name":"vendee.cz","logo":{"@type":"ImageObject","@id":"\/logo.png","url":"\/logo.png","width":600,"height":60}},"image":{"@type":"ImageObject","@id":"https:\/\/www.vendee.cz\/wp-content\/uploads\/img_a355520_w3327_t1569749204.jpg","url":"https:\/\/www.vendee.cz\/wp-content\/uploads\/img_a355520_w3327_t1569749204.jpg","height":0,"width":0},"wordCount":513,"keywords":null},{"@type":"Article","@id":"https:\/\/www.vendee.cz\/americka-hypoteka-podpori-vase-plany\/","headline":"Americk\u00e1 hypot\u00e9ka podpo\u0159\u00ed va\u0161e pl\u00e1ny!","url":"https:\/\/www.vendee.cz\/americka-hypoteka-podpori-vase-plany\/","datePublished":"2019-08-12","dateModified":"2023-05-02","mainEntityOfPage":"https:\/\/www.vendee.cz\/americka-hypoteka-podpori-vase-plany\/","author":{"@type":"Person","@id":"https:\/\/www.vendee.cz\/author\/#Person","name":"","url":"https:\/\/www.vendee.cz\/author\/","identifier":1,"image":{"@type":"ImageObject","@id":"https:\/\/secure.gravatar.com\/avatar\/739bdad9092f7204ebf16dfadfb581e3e92e1ade2f5cc299a7779b7760a7d2fc?s=96&d=mm&r=g","url":"https:\/\/secure.gravatar.com\/avatar\/739bdad9092f7204ebf16dfadfb581e3e92e1ade2f5cc299a7779b7760a7d2fc?s=96&d=mm&r=g","height":96,"width":96}},"publisher":{"@type":"Organization","name":"vendee.cz","logo":{"@type":"ImageObject","@id":"\/logo.png","url":"\/logo.png","width":600,"height":60}},"image":{"@type":"ImageObject","@id":"https:\/\/www.vendee.cz\/wp-content\/uploads\/img_a360617_w2147_t1574231327.png","url":"https:\/\/www.vendee.cz\/wp-content\/uploads\/img_a360617_w2147_t1574231327.png","height":0,"width":0},"wordCount":535,"keywords":null},{"@type":"Article","@id":"https:\/\/www.vendee.cz\/kabelky-ktere-zaujmou-kazdou-zenu\/","headline":"Kabelky, kter\u00e9 zaujmou ka\u017edou \u017eenu","url":"https:\/\/www.vendee.cz\/kabelky-ktere-zaujmou-kazdou-zenu\/","datePublished":"2019-08-09","dateModified":"2023-05-02","mainEntityOfPage":"https:\/\/www.vendee.cz\/kabelky-ktere-zaujmou-kazdou-zenu\/","author":{"@type":"Person","@id":"https:\/\/www.vendee.cz\/author\/#Person","name":"","url":"https:\/\/www.vendee.cz\/author\/","identifier":1,"image":{"@type":"ImageObject","@id":"https:\/\/secure.gravatar.com\/avatar\/739bdad9092f7204ebf16dfadfb581e3e92e1ade2f5cc299a7779b7760a7d2fc?s=96&d=mm&r=g","url":"https:\/\/secure.gravatar.com\/avatar\/739bdad9092f7204ebf16dfadfb581e3e92e1ade2f5cc299a7779b7760a7d2fc?s=96&d=mm&r=g","height":96,"width":96}},"publisher":{"@type":"Organization","name":"vendee.cz","logo":{"@type":"ImageObject","@id":"\/logo.png","url":"\/logo.png","width":600,"height":60}},"image":{"@type":"ImageObject","@id":"https:\/\/www.vendee.cz\/wp-content\/uploads\/img_a358785_w1718_t1573042359.jpg","url":"https:\/\/www.vendee.cz\/wp-content\/uploads\/img_a358785_w1718_t1573042359.jpg","height":0,"width":0},"wordCount":514,"keywords":null},{"@type":"Article","@id":"https:\/\/www.vendee.cz\/mesto-ktere-ma-sve-kouzlo\/","headline":"M\u011bsto, kter\u00e9 m\u00e1 sv\u00e9 kouzlo","url":"https:\/\/www.vendee.cz\/mesto-ktere-ma-sve-kouzlo\/","datePublished":"2019-05-19","dateModified":"2023-05-02","mainEntityOfPage":"https:\/\/www.vendee.cz\/mesto-ktere-ma-sve-kouzlo\/","author":{"@type":"Person","@id":"https:\/\/www.vendee.cz\/author\/#Person","name":"","url":"https:\/\/www.vendee.cz\/author\/","identifier":1,"image":{"@type":"ImageObject","@id":"https:\/\/secure.gravatar.com\/avatar\/739bdad9092f7204ebf16dfadfb581e3e92e1ade2f5cc299a7779b7760a7d2fc?s=96&d=mm&r=g","url":"https:\/\/secure.gravatar.com\/avatar\/739bdad9092f7204ebf16dfadfb581e3e92e1ade2f5cc299a7779b7760a7d2fc?s=96&d=mm&r=g","height":96,"width":96}},"publisher":{"@type":"Organization","name":"vendee.cz","logo":{"@type":"ImageObject","@id":"\/logo.png","url":"\/logo.png","width":600,"height":60}},"image":{"@type":"ImageObject","@id":"https:\/\/www.vendee.cz\/wp-content\/uploads\/img_a350566_w1719_t1565334308.jpg","url":"https:\/\/www.vendee.cz\/wp-content\/uploads\/img_a350566_w1719_t1565334308.jpg","height":0,"width":0},"wordCount":509,"keywords":null},{"@type":"Article","@id":"https:\/\/www.vendee.cz\/zazitkem-k-poznani\/","headline":"Z\u00e1\u017eitkem k pozn\u00e1n\u00ed","url":"https:\/\/www.vendee.cz\/zazitkem-k-poznani\/","datePublished":"2019-05-01","dateModified":"2023-05-02","mainEntityOfPage":"https:\/\/www.vendee.cz\/zazitkem-k-poznani\/","author":{"@type":"Person","@id":"https:\/\/www.vendee.cz\/author\/#Person","name":"","url":"https:\/\/www.vendee.cz\/author\/","identifier":1,"image":{"@type":"ImageObject","@id":"https:\/\/secure.gravatar.com\/avatar\/739bdad9092f7204ebf16dfadfb581e3e92e1ade2f5cc299a7779b7760a7d2fc?s=96&d=mm&r=g","url":"https:\/\/secure.gravatar.com\/avatar\/739bdad9092f7204ebf16dfadfb581e3e92e1ade2f5cc299a7779b7760a7d2fc?s=96&d=mm&r=g","height":96,"width":96}},"publisher":{"@type":"Organization","name":"vendee.cz","logo":{"@type":"ImageObject","@id":"\/logo.png","url":"\/logo.png","width":600,"height":60}},"image":{"@type":"ImageObject","@id":"https:\/\/www.vendee.cz\/wp-content\/uploads\/img_a350576_w1710_t1565335469.jpg","url":"https:\/\/www.vendee.cz\/wp-content\/uploads\/img_a350576_w1710_t1565335469.jpg","height":0,"width":0},"wordCount":517,"keywords":null}]},{"@context":"https:\/\/schema.org","@type":"WebSite","@id":"https:\/\/www.vendee.cz\/#website","name":"Vendee","url":"https:\/\/www.vendee.cz","potentialAction":{"@type":"SearchAction","target":"https:\/\/www.vendee.cz\/?s={search_term_string}","query-input":"required name=search_term_string"}}]