[{"@context":"https:\/\/schema.org\/","@type":"Blog","@id":"https:\/\/www.vendee.cz#Blog","headline":"Vendee","description":"\nPot\u0159ebujete jenom ty nejspolehliv\u011bj\u0161\u00ed informace z domova i ze sv\u011bta? Pak je na\u0161e internetov\u00e1 str\u00e1nka m\u00edstem, kde se v\u00e1m pr\u00e1v\u011b takov\u00fdch informac\u00ed dostane.","url":"https:\/\/www.vendee.cz","hasPart":[{"@type":"Article","@id":"https:\/\/www.vendee.cz\/analyza-technicka\/","headline":"Anal\u00fdza techni(c)ka","url":"https:\/\/www.vendee.cz\/analyza-technicka\/","datePublished":"2022-02-11","dateModified":"2023-05-02","mainEntityOfPage":"https:\/\/www.vendee.cz\/analyza-technicka\/","author":{"@type":"Person","@id":"https:\/\/www.vendee.cz\/author\/#Person","name":"","url":"https:\/\/www.vendee.cz\/author\/","identifier":1,"image":{"@type":"ImageObject","@id":"https:\/\/secure.gravatar.com\/avatar\/739bdad9092f7204ebf16dfadfb581e3e92e1ade2f5cc299a7779b7760a7d2fc?s=96&d=mm&r=g","url":"https:\/\/secure.gravatar.com\/avatar\/739bdad9092f7204ebf16dfadfb581e3e92e1ade2f5cc299a7779b7760a7d2fc?s=96&d=mm&r=g","height":96,"width":96}},"publisher":{"@type":"Organization","name":"vendee.cz","logo":{"@type":"ImageObject","@id":"\/logo.png","url":"\/logo.png","width":600,"height":60}},"image":{"@type":"ImageObject","@id":"https:\/\/www.vendee.cz\/wp-content\/uploads\/digital-marketing-g03b56a24a_1920.jpg","url":"https:\/\/www.vendee.cz\/wp-content\/uploads\/digital-marketing-g03b56a24a_1920.jpg","height":0,"width":0},"wordCount":561,"keywords":null},{"@type":"Article","@id":"https:\/\/www.vendee.cz\/pomozte-detem-najit-svuj-vlastni-styl\/","headline":"Pomozte d\u011btem naj\u00edt sv\u016fj vlastn\u00ed styl","url":"https:\/\/www.vendee.cz\/pomozte-detem-najit-svuj-vlastni-styl\/","datePublished":"2022-01-18","dateModified":"2023-05-02","mainEntityOfPage":"https:\/\/www.vendee.cz\/pomozte-detem-najit-svuj-vlastni-styl\/","author":{"@type":"Person","@id":"https:\/\/www.vendee.cz\/author\/#Person","name":"","url":"https:\/\/www.vendee.cz\/author\/","identifier":1,"image":{"@type":"ImageObject","@id":"https:\/\/secure.gravatar.com\/avatar\/739bdad9092f7204ebf16dfadfb581e3e92e1ade2f5cc299a7779b7760a7d2fc?s=96&d=mm&r=g","url":"https:\/\/secure.gravatar.com\/avatar\/739bdad9092f7204ebf16dfadfb581e3e92e1ade2f5cc299a7779b7760a7d2fc?s=96&d=mm&r=g","height":96,"width":96}},"publisher":{"@type":"Organization","name":"vendee.cz","logo":{"@type":"ImageObject","@id":"\/logo.png","url":"\/logo.png","width":600,"height":60}},"image":{"@type":"ImageObject","@id":"https:\/\/www.vendee.cz\/wp-content\/uploads\/baby-1399332_640.jpg","url":"https:\/\/www.vendee.cz\/wp-content\/uploads\/baby-1399332_640.jpg","height":0,"width":0},"wordCount":597,"keywords":null},{"@type":"Article","@id":"https:\/\/www.vendee.cz\/doprejte-telu-odpocinek-v-podobe-detoxikacni-kury\/","headline":"Dop\u0159ejte t\u011blu odpo\u010dinek v podob\u011b detoxika\u010dn\u00ed k\u016fry","url":"https:\/\/www.vendee.cz\/doprejte-telu-odpocinek-v-podobe-detoxikacni-kury\/","datePublished":"2022-01-09","dateModified":"2023-05-02","mainEntityOfPage":"https:\/\/www.vendee.cz\/doprejte-telu-odpocinek-v-podobe-detoxikacni-kury\/","author":{"@type":"Person","@id":"https:\/\/www.vendee.cz\/author\/#Person","name":"","url":"https:\/\/www.vendee.cz\/author\/","identifier":1,"image":{"@type":"ImageObject","@id":"https:\/\/secure.gravatar.com\/avatar\/739bdad9092f7204ebf16dfadfb581e3e92e1ade2f5cc299a7779b7760a7d2fc?s=96&d=mm&r=g","url":"https:\/\/secure.gravatar.com\/avatar\/739bdad9092f7204ebf16dfadfb581e3e92e1ade2f5cc299a7779b7760a7d2fc?s=96&d=mm&r=g","height":96,"width":96}},"publisher":{"@type":"Organization","name":"vendee.cz","logo":{"@type":"ImageObject","@id":"\/logo.png","url":"\/logo.png","width":600,"height":60}},"image":{"@type":"ImageObject","@id":"https:\/\/www.vendee.cz\/wp-content\/uploads\/woman-3186730_640.jpg","url":"https:\/\/www.vendee.cz\/wp-content\/uploads\/woman-3186730_640.jpg","height":0,"width":0},"wordCount":544,"keywords":null},{"@type":"Article","@id":"https:\/\/www.vendee.cz\/internetove-seznamky-na-co-si-dat-pozor-a-jak-zaujmout\/","headline":"Internetov\u00e9 seznamky. Na co si d\u00e1t pozor, a jak zaujmout?","url":"https:\/\/www.vendee.cz\/internetove-seznamky-na-co-si-dat-pozor-a-jak-zaujmout\/","datePublished":"2022-01-06","dateModified":"2023-05-02","mainEntityOfPage":"https:\/\/www.vendee.cz\/internetove-seznamky-na-co-si-dat-pozor-a-jak-zaujmout\/","author":{"@type":"Person","@id":"https:\/\/www.vendee.cz\/author\/#Person","name":"","url":"https:\/\/www.vendee.cz\/author\/","identifier":1,"image":{"@type":"ImageObject","@id":"https:\/\/secure.gravatar.com\/avatar\/739bdad9092f7204ebf16dfadfb581e3e92e1ade2f5cc299a7779b7760a7d2fc?s=96&d=mm&r=g","url":"https:\/\/secure.gravatar.com\/avatar\/739bdad9092f7204ebf16dfadfb581e3e92e1ade2f5cc299a7779b7760a7d2fc?s=96&d=mm&r=g","height":96,"width":96}},"publisher":{"@type":"Organization","name":"vendee.cz","logo":{"@type":"ImageObject","@id":"\/logo.png","url":"\/logo.png","width":600,"height":60}},"image":{"@type":"ImageObject","@id":"https:\/\/www.vendee.cz\/wp-content\/uploads\/social-media-5025657_640.jpg","url":"https:\/\/www.vendee.cz\/wp-content\/uploads\/social-media-5025657_640.jpg","height":0,"width":0},"wordCount":506,"keywords":null},{"@type":"Article","@id":"https:\/\/www.vendee.cz\/zdravi-v-jedne-hrsti\/","headline":"Zdrav\u00ed v jedn\u00e9 hrsti!","url":"https:\/\/www.vendee.cz\/zdravi-v-jedne-hrsti\/","datePublished":"2021-12-23","dateModified":"2023-05-02","mainEntityOfPage":"https:\/\/www.vendee.cz\/zdravi-v-jedne-hrsti\/","author":{"@type":"Person","@id":"https:\/\/www.vendee.cz\/author\/#Person","name":"","url":"https:\/\/www.vendee.cz\/author\/","identifier":1,"image":{"@type":"ImageObject","@id":"https:\/\/secure.gravatar.com\/avatar\/739bdad9092f7204ebf16dfadfb581e3e92e1ade2f5cc299a7779b7760a7d2fc?s=96&d=mm&r=g","url":"https:\/\/secure.gravatar.com\/avatar\/739bdad9092f7204ebf16dfadfb581e3e92e1ade2f5cc299a7779b7760a7d2fc?s=96&d=mm&r=g","height":96,"width":96}},"publisher":{"@type":"Organization","name":"vendee.cz","logo":{"@type":"ImageObject","@id":"\/logo.png","url":"\/logo.png","width":600,"height":60}},"image":{"@type":"ImageObject","@id":"https:\/\/www.vendee.cz\/wp-content\/uploads\/goji-3162716__480_2.jpg","url":"https:\/\/www.vendee.cz\/wp-content\/uploads\/goji-3162716__480_2.jpg","height":0,"width":0},"wordCount":636,"keywords":null},{"@type":"Article","@id":"https:\/\/www.vendee.cz\/plot-na-hranici-pozemku\/","headline":"Plot na hranici pozemku","url":"https:\/\/www.vendee.cz\/plot-na-hranici-pozemku\/","datePublished":"2021-09-19","dateModified":"2023-05-02","mainEntityOfPage":"https:\/\/www.vendee.cz\/plot-na-hranici-pozemku\/","author":{"@type":"Person","@id":"https:\/\/www.vendee.cz\/author\/#Person","name":"","url":"https:\/\/www.vendee.cz\/author\/","identifier":1,"image":{"@type":"ImageObject","@id":"https:\/\/secure.gravatar.com\/avatar\/739bdad9092f7204ebf16dfadfb581e3e92e1ade2f5cc299a7779b7760a7d2fc?s=96&d=mm&r=g","url":"https:\/\/secure.gravatar.com\/avatar\/739bdad9092f7204ebf16dfadfb581e3e92e1ade2f5cc299a7779b7760a7d2fc?s=96&d=mm&r=g","height":96,"width":96}},"publisher":{"@type":"Organization","name":"vendee.cz","logo":{"@type":"ImageObject","@id":"\/logo.png","url":"\/logo.png","width":600,"height":60}},"image":{"@type":"ImageObject","@id":"https:\/\/www.vendee.cz\/wp-content\/uploads\/ko%C4%8Dka%20na%20plotu.jpg","url":"https:\/\/www.vendee.cz\/wp-content\/uploads\/ko%C4%8Dka%20na%20plotu.jpg","height":0,"width":0},"wordCount":608,"keywords":null},{"@type":"Article","@id":"https:\/\/www.vendee.cz\/zivot-v-dodavce\/","headline":"\u017divot v dod\u00e1vce","url":"https:\/\/www.vendee.cz\/zivot-v-dodavce\/","datePublished":"2021-09-14","dateModified":"2023-05-02","mainEntityOfPage":"https:\/\/www.vendee.cz\/zivot-v-dodavce\/","author":{"@type":"Person","@id":"https:\/\/www.vendee.cz\/author\/#Person","name":"","url":"https:\/\/www.vendee.cz\/author\/","identifier":1,"image":{"@type":"ImageObject","@id":"https:\/\/secure.gravatar.com\/avatar\/739bdad9092f7204ebf16dfadfb581e3e92e1ade2f5cc299a7779b7760a7d2fc?s=96&d=mm&r=g","url":"https:\/\/secure.gravatar.com\/avatar\/739bdad9092f7204ebf16dfadfb581e3e92e1ade2f5cc299a7779b7760a7d2fc?s=96&d=mm&r=g","height":96,"width":96}},"publisher":{"@type":"Organization","name":"vendee.cz","logo":{"@type":"ImageObject","@id":"\/logo.png","url":"\/logo.png","width":600,"height":60}},"image":{"@type":"ImageObject","@id":"https:\/\/www.vendee.cz\/wp-content\/uploads\/dod%C3%A1vky_5.jpg","url":"https:\/\/www.vendee.cz\/wp-content\/uploads\/dod%C3%A1vky_5.jpg","height":0,"width":0},"wordCount":562,"keywords":null},{"@type":"Article","@id":"https:\/\/www.vendee.cz\/akusticke-drevene-panely-vhodne-do-vsech-prostoru\/","headline":"Akustick\u00e9 d\u0159ev\u011bn\u00e9 panely vhodn\u00e9 do v\u0161ech prostor\u016f","url":"https:\/\/www.vendee.cz\/akusticke-drevene-panely-vhodne-do-vsech-prostoru\/","datePublished":"2021-07-16","dateModified":"2023-08-17","mainEntityOfPage":"https:\/\/www.vendee.cz\/akusticke-drevene-panely-vhodne-do-vsech-prostoru\/","author":{"@type":"Person","@id":"https:\/\/www.vendee.cz\/author\/#Person","name":"","url":"https:\/\/www.vendee.cz\/author\/","identifier":1,"image":{"@type":"ImageObject","@id":"https:\/\/secure.gravatar.com\/avatar\/739bdad9092f7204ebf16dfadfb581e3e92e1ade2f5cc299a7779b7760a7d2fc?s=96&d=mm&r=g","url":"https:\/\/secure.gravatar.com\/avatar\/739bdad9092f7204ebf16dfadfb581e3e92e1ade2f5cc299a7779b7760a7d2fc?s=96&d=mm&r=g","height":96,"width":96}},"publisher":{"@type":"Organization","name":"vendee.cz","logo":{"@type":"ImageObject","@id":"\/logo.png","url":"\/logo.png","width":600,"height":60}},"image":{"@type":"ImageObject","@id":"https:\/\/www.vendee.cz\/wp-content\/uploads\/O%C5%99ech%203_19dC7M.jpg","url":"https:\/\/www.vendee.cz\/wp-content\/uploads\/O%C5%99ech%203_19dC7M.jpg","height":0,"width":0},"wordCount":530,"keywords":null},{"@type":"Article","@id":"https:\/\/www.vendee.cz\/brigady-na-sezonu-i-mimo-ni\/","headline":"Brig\u00e1dy na sez\u00f3nu i mimo ni","url":"https:\/\/www.vendee.cz\/brigady-na-sezonu-i-mimo-ni\/","datePublished":"2021-07-08","dateModified":"2023-05-02","mainEntityOfPage":"https:\/\/www.vendee.cz\/brigady-na-sezonu-i-mimo-ni\/","author":{"@type":"Person","@id":"https:\/\/www.vendee.cz\/author\/#Person","name":"","url":"https:\/\/www.vendee.cz\/author\/","identifier":1,"image":{"@type":"ImageObject","@id":"https:\/\/secure.gravatar.com\/avatar\/739bdad9092f7204ebf16dfadfb581e3e92e1ade2f5cc299a7779b7760a7d2fc?s=96&d=mm&r=g","url":"https:\/\/secure.gravatar.com\/avatar\/739bdad9092f7204ebf16dfadfb581e3e92e1ade2f5cc299a7779b7760a7d2fc?s=96&d=mm&r=g","height":96,"width":96}},"publisher":{"@type":"Organization","name":"vendee.cz","logo":{"@type":"ImageObject","@id":"\/logo.png","url":"\/logo.png","width":600,"height":60}},"image":{"@type":"ImageObject","@id":"https:\/\/www.vendee.cz\/wp-content\/uploads\/%C5%BEena%20u%20po%C4%8D%C3%ADta%C4%8De_2.jpeg","url":"https:\/\/www.vendee.cz\/wp-content\/uploads\/%C5%BEena%20u%20po%C4%8D%C3%ADta%C4%8De_2.jpeg","height":0,"width":0},"wordCount":709,"keywords":null},{"@type":"Article","@id":"https:\/\/www.vendee.cz\/profesionalni-sprava-svj\/","headline":"Profesion\u00e1ln\u00ed spr\u00e1va SVJ","url":"https:\/\/www.vendee.cz\/profesionalni-sprava-svj\/","datePublished":"2021-07-07","dateModified":"2023-05-02","mainEntityOfPage":"https:\/\/www.vendee.cz\/profesionalni-sprava-svj\/","author":{"@type":"Person","@id":"https:\/\/www.vendee.cz\/author\/#Person","name":"","url":"https:\/\/www.vendee.cz\/author\/","identifier":1,"image":{"@type":"ImageObject","@id":"https:\/\/secure.gravatar.com\/avatar\/739bdad9092f7204ebf16dfadfb581e3e92e1ade2f5cc299a7779b7760a7d2fc?s=96&d=mm&r=g","url":"https:\/\/secure.gravatar.com\/avatar\/739bdad9092f7204ebf16dfadfb581e3e92e1ade2f5cc299a7779b7760a7d2fc?s=96&d=mm&r=g","height":96,"width":96}},"publisher":{"@type":"Organization","name":"vendee.cz","logo":{"@type":"ImageObject","@id":"\/logo.png","url":"\/logo.png","width":600,"height":60}},"image":{"@type":"ImageObject","@id":"https:\/\/www.vendee.cz\/wp-content\/uploads\/Balkony%20byt%C5%AF.jpg","url":"https:\/\/www.vendee.cz\/wp-content\/uploads\/Balkony%20byt%C5%AF.jpg","height":0,"width":0},"wordCount":518,"keywords":null}]},{"@context":"https:\/\/schema.org","@type":"WebSite","@id":"https:\/\/www.vendee.cz\/#website","name":"Vendee","url":"https:\/\/www.vendee.cz","potentialAction":{"@type":"SearchAction","target":"https:\/\/www.vendee.cz\/?s={search_term_string}","query-input":"required name=search_term_string"}}]