[{"@context":"https:\/\/schema.org\/","@type":"Article","@id":"https:\/\/www.vendee.cz\/nase-slepice\/#Article","mainEntityOfPage":"https:\/\/www.vendee.cz\/nase-slepice\/","headline":"Na\u0161e slepice","name":"Na\u0161e slepice","description":"V\u017edycky jsem snila o tom, \u017ee budu cestovat po sv\u011bt\u011b a budu objevovat tak\u00e9 r\u016fzn\u00e1 zv\u00ed\u0159ata, proto\u017ee zv\u00ed\u0159ata m\u00e1m opravdu hodn\u011b r\u00e1da j\u00e1 a j\u00e1 jsem s nimi vlastn\u011b taky vyr\u016fstala, proto\u017ee jsme s rodi\u010di a sourozenci bydleli na vesnici, kde jsme chovali zv\u00ed\u0159ata, tak\u017ee jsem byla na zv\u00ed\u0159ata opravdu hodn\u011b zvykl\u00e1 a m\u011bla jsem [&hellip;]","datePublished":"2022-10-28","dateModified":"2023-05-02","author":{"@type":"Person","@id":"https:\/\/www.vendee.cz\/author\/#Person","name":"","url":"https:\/\/www.vendee.cz\/author\/","identifier":1,"image":{"@type":"ImageObject","@id":"https:\/\/secure.gravatar.com\/avatar\/739bdad9092f7204ebf16dfadfb581e3e92e1ade2f5cc299a7779b7760a7d2fc?s=96&d=mm&r=g","url":"https:\/\/secure.gravatar.com\/avatar\/739bdad9092f7204ebf16dfadfb581e3e92e1ade2f5cc299a7779b7760a7d2fc?s=96&d=mm&r=g","height":96,"width":96}},"publisher":{"@type":"Organization","name":"vendee.cz","logo":{"@type":"ImageObject","@id":"\/logo.png","url":"\/logo.png","width":600,"height":60}},"image":{"@type":"ImageObject","@id":"https:\/\/www.vendee.cz\/wp-content\/uploads\/food-3371762_960_720.jpg","url":"https:\/\/www.vendee.cz\/wp-content\/uploads\/food-3371762_960_720.jpg","height":0,"width":0},"url":"https:\/\/www.vendee.cz\/nase-slepice\/","about":["Zv\u00ed\u0159ata"],"wordCount":448,"articleBody":"V\u017edycky jsem snila o tom, \u017ee budu cestovat po sv\u011bt\u011b a budu objevovat tak\u00e9 r\u016fzn\u00e1 zv\u00ed\u0159ata, proto\u017ee zv\u00ed\u0159ata m\u00e1m opravdu hodn\u011b r\u00e1da j\u00e1 a j\u00e1 jsem s nimi vlastn\u011b taky vyr\u016fstala, proto\u017ee jsme s rodi\u010di a sourozenci bydleli na vesnici, kde jsme chovali zv\u00ed\u0159ata, tak\u017ee jsem byla na zv\u00ed\u0159ata opravdu hodn\u011b zvykl\u00e1 a m\u011bla jsem ji r\u00e1da. A ani bych nespo\u010d\u00edtala a nev\u011bd\u011bla, kolik zv\u00ed\u0159at jsme doma m\u011bli. Nejhor\u0161\u00ed ale na tom bylo, \u017ee na\u0161i rodi\u010de taky chovali n\u011bjak\u00e1 zv\u00ed\u0159ata pro u\u017eitek. A to prav\u00e9 pro m\u011b bylo velice slo\u017eit\u00e9 obdob\u00ed, kdy\u017e jsem byla d\u00edt\u011b. Absolutn\u011b jsem nerozum\u011bla tomu, pro\u010d n\u011bkdy rodi\u010de mus\u00ed t\u0159eba zab\u00edt slepici anebo ku\u0159e anebo kr\u00e1l\u00edka. Nikdy mi nedo\u0161lo, \u017ee vlastn\u011b to, co m\u00e1m na tal\u00ed\u0159i, tak je to vlastn\u011b m\u016fj zv\u00ed\u0159ec\u00ed kamar\u00e1d.\u00a0 Ani nev\u00edte, jak m\u011b to potom na\u0161tvalo. A kdy\u017e jsem se to dozv\u011bd\u011bla, moc m\u011b to mrzelo a necht\u011blo se mi tomu v\u011b\u0159it. A o t\u011bsto zv\u00ed\u0159atech jsem se dozv\u011bd\u011bla \u00fapln\u011b n\u00e1hodou, proto\u017ee jednoho dne k n\u00e1m p\u0159i\u0161la sousedka. My jsme zrovna ob\u011bdvali ku\u0159e. Sousedka mi \u0159ekla, a jak mi chutn\u00e1 moje ku\u0159\u00e1tko. Byla jsem docela v \u0161oku, proto\u017ee jsem v\u016fbec nepochopila, jak to moje sousedka myslela. A potom mi \u0159ekla, \u017ee to ku\u0159\u00e1tko je to, se kter\u00fdm jsem se den p\u0159ed t\u00edm mazlil. Ani nev\u00edte, jak se mi ud\u011blalo \u0161patn\u011b a jak jsem cht\u011bla bre\u010det. Rodi\u010de z toho byli ne\u0161\u0165astn\u00ed a potom to sousedce vynadali, \u017ee m\u011b to nem\u011bli \u0159\u00edkat, proto\u017ee jsem velice citliv\u00e1 a tohle m\u011b vad\u00ed. Opravdu m\u011b to na\u0161tvalo a taky jsem potom byla na\u0161tvan\u00e1 na sv\u00e9 rodi\u010de, kte\u0159\u00ed tohle mohli dopustit. Jak m\u016f\u017eu zab\u00edt n\u011bkoho, se kter\u00fdm se mazl\u00edm? Mrzelo m\u011b to a od t\u00e9 doby jsem u\u017e necht\u011bla doma j\u00edst maso. A maso jsem za\u010dala j\u00edst asi a\u017e o dva roky pozd\u011bji, kdy\u017e u\u017e jsem si na to zvykla. A prost\u011b tohle je kolob\u011bh \u017eivota a je to \u017eivot a prost\u011b n\u011bkter\u00e1 zv\u00ed\u0159ata jsou na u\u017eitek a slou\u017e\u00ed na maso a na vaj\u00ed\u010dka. Nyn\u00ed u\u017e to ch\u00e1pu a v\u00edm, \u017ee rodi\u010de za to nemohli, tak\u017ee m\u011b mrz\u00ed, \u017ee jsem tehdy na n\u011b byla velice hodn\u011b na\u0161tvan\u00e1.\u00a0                                                                                                                                                                                                                                                                                                                                                                                        4.7\/5 - (7 votes)        "},{"@context":"https:\/\/schema.org\/","@type":"BreadcrumbList","itemListElement":[{"@type":"ListItem","position":1,"name":"Na\u0161e slepice","item":"https:\/\/www.vendee.cz\/nase-slepice\/#breadcrumbitem"}]}]