[{"@context":"https:\/\/schema.org\/","@type":"Article","@id":"https:\/\/www.vendee.cz\/i-venku-je-hezky\/#Article","mainEntityOfPage":"https:\/\/www.vendee.cz\/i-venku-je-hezky\/","headline":"I venku je hezky","name":"I venku je hezky","description":"Pomalu se n\u00e1m bl\u00ed\u017e\u00ed doba l\u00e9ta, kdy u n\u00e1s bude kone\u010dn\u011b i venku p\u0159\u00edjemn\u011b. A kdy\u017e je venku p\u0159\u00edjemn\u011b, nen\u00ed pochopiteln\u011b nic divn\u00e9ho na tom, \u017ee se lid\u00e9 necht\u011bj\u00ed p\u0159\u00edli\u0161 zdr\u017eovat doma. A kdy\u017e to jde, zam\u00ed\u0159\u00ed n\u011bkam ven. T\u0159eba na svoji zahradu. A kdy\u017e u\u017e tam pak tito jsou, pro\u010d by t\u0159eba nepozvali i [&hellip;]","datePublished":"2023-05-22","dateModified":"2023-06-02","author":{"@type":"Person","@id":"https:\/\/www.vendee.cz\/author\/#Person","name":"","url":"https:\/\/www.vendee.cz\/author\/","identifier":1,"image":{"@type":"ImageObject","@id":"https:\/\/secure.gravatar.com\/avatar\/739bdad9092f7204ebf16dfadfb581e3e92e1ade2f5cc299a7779b7760a7d2fc?s=96&d=mm&r=g","url":"https:\/\/secure.gravatar.com\/avatar\/739bdad9092f7204ebf16dfadfb581e3e92e1ade2f5cc299a7779b7760a7d2fc?s=96&d=mm&r=g","height":96,"width":96}},"publisher":{"@type":"Organization","name":"vendee.cz","logo":{"@type":"ImageObject","@id":"\/logo.png","url":"\/logo.png","width":600,"height":60}},"image":{"@type":"ImageObject","@id":"https:\/\/www.vendee.cz\/wp-content\/uploads\/s_10.jpg","url":"https:\/\/www.vendee.cz\/wp-content\/uploads\/s_10.jpg","height":0,"width":0},"url":"https:\/\/www.vendee.cz\/i-venku-je-hezky\/","about":["N\u00e1kupy"],"wordCount":416,"articleBody":"    Pomalu se n\u00e1m bl\u00ed\u017e\u00ed doba l\u00e9ta, kdy u n\u00e1s bude kone\u010dn\u011b i venku p\u0159\u00edjemn\u011b. A kdy\u017e je venku p\u0159\u00edjemn\u011b, nen\u00ed pochopiteln\u011b nic divn\u00e9ho na tom, \u017ee se lid\u00e9 necht\u011bj\u00ed p\u0159\u00edli\u0161 zdr\u017eovat doma. A kdy\u017e to jde, zam\u00ed\u0159\u00ed n\u011bkam ven. T\u0159eba na svoji zahradu. A kdy\u017e u\u017e tam pak tito jsou, pro\u010d by t\u0159eba nepozvali i sv\u00e9 p\u0159\u00e1tele a neuspo\u0159\u00e1dali tam pro n\u011b n\u011bjakou akci? Ov\u0161em v\u0161ichni v\u00edme, \u017ee po\u010das\u00ed nen\u00ed nikdy zase a\u017e tak st\u00e1l\u00e9, jak bychom si to p\u0159\u00e1li. A bylo by ur\u010dit\u011b ne\u0161\u0165astn\u00e9, kdyby si \u010dlov\u011bk uspo\u0159\u00e1dal dejme tomu zahradn\u00ed party, pozval na ni ty, na nich\u017e mu z\u00e1le\u017e\u00ed, v\u0161echno do punt\u00edku nachystal a pak mu v\u0161echny pl\u00e1ny a nad\u011bje zhatil dejme tomu docela ban\u00e1ln\u00ed de\u0161t\u00edk nebo v\u00edtr, se kter\u00fdm se nedalo dop\u0159edu po\u010d\u00edtat.  A co tedy s t\u00edm? Uspo\u0159\u00e1dat n\u011bjakou akci venku, kde je tak kr\u00e1sn\u011b, s vidinou, \u017ee z toho pak bude mo\u017en\u00e1 naprost\u00fd debakl? Nebo se zav\u0159\u00edt doma a odsud oknem pozorovat, jak je venku n\u00e1dhern\u011b a jak by b\u00fdvalo lep\u0161\u00ed to p\u0159esunout tam? To je ot\u00e1zka, \u017ee? Ot\u00e1zka, na kterou existuje vlastn\u011b jedin\u00e1 docela prost\u00e1 odpov\u011b\u010f. Kdy\u017e chce \u010dlov\u011bk uspo\u0159\u00e1dat n\u011bjakou akci pod \u0161ir\u00fdm nebem, u\u010din\u00ed nejl\u00e9pe, kdy\u017e ji sice uspo\u0159\u00e1d\u00e1, ale ne zase a\u017e tak docela pod \u0161ir\u00fdm nebem. Kdy\u017e si t\u0159eba i jen \u010dist\u011b pro jistotu zajist\u00ed i profi stany.   Ur\u010dit\u011b si dok\u00e1\u017eete vysv\u011btlit, co je pr\u00e1v\u011b na tomto \u0159e\u0161en\u00ed dobr\u00e9. Ano, je to skute\u010dnost, \u017ee a\u0165 u\u017e je venku jakkoliv, lze tam bez probl\u00e9m\u016f n\u011bjakou tu akci uspo\u0159\u00e1dat. Proto\u017ee i kdyby se \u010derti \u017eenili, postaraj\u00ed se i tyto stany o jej\u00ed zd\u00e1rn\u00fd pr\u016fb\u011bh. Nic pod nimi nezmokne, nic pod nimi neroznese v\u00edtr, \u00fa\u010dastn\u00edci sami tak\u00e9 po\u010das\u00edm nijak neutrp\u00ed. Nehroz\u00ed, \u017ee by se muselo uprost\u0159ed akce narychlo odn\u00e1\u0161et v\u0161e n\u011bkam do domu, \u017ee by se musel m\u011bnit program, \u017ee by se \u00fa\u010dastn\u00edci, pro kter\u00e9 je venku m\u00edsta dost, najednou museli ma\u010dkat v mal\u00e9m byt\u011b. A tak jsou podobn\u00e9 stany dokonal\u00e9 pro r\u016fzn\u00e9 oslavy, svatby, firemn\u00ed nebo sportovn\u00ed akce a podobn\u011b.                                                                                                                                                                                                                                                                                                                                                                                          4.3\/5 - (12 votes)        "},{"@context":"https:\/\/schema.org\/","@type":"BreadcrumbList","itemListElement":[{"@type":"ListItem","position":1,"name":"I venku je hezky","item":"https:\/\/www.vendee.cz\/i-venku-je-hezky\/#breadcrumbitem"}]}]