[{"@context":"https:\/\/schema.org\/","@type":"Article","@id":"https:\/\/www.vendee.cz\/co-rikate-achatovym-svicnum\/#Article","mainEntityOfPage":"https:\/\/www.vendee.cz\/co-rikate-achatovym-svicnum\/","headline":"Co \u0159\u00edk\u00e1te ach\u00e1tov\u00fdm sv\u00edcn\u016fm?","name":"Co \u0159\u00edk\u00e1te ach\u00e1tov\u00fdm sv\u00edcn\u016fm?","description":"Je samoz\u0159ejm\u00e9, \u017ee u\u017e si u n\u00e1s d\u00e1vno sv\u00edt\u00edme v\u0161ude mo\u017en\u011b elekt\u0159inou. A dokonce ne jen tak n\u011bjak\u00fdmi sv\u00edtidly, ale v\u00fdhradn\u011b t\u011bmi \u00fasporn\u00fdmi. V\u011bdeck\u00fd v\u00fdvoj n\u00e1m umo\u017enil i zde zbavit se toho, co bylo nepraktick\u00e9, a vyu\u017e\u00edt nejdokonalej\u0161\u00ed v\u00fddobytky civilizace. Ale p\u0159esto to dosud nevedlo a z\u0159ejm\u011b nikdy ani nepovede t\u0159eba k tomu, abychom se [&hellip;]","datePublished":"2023-12-08","dateModified":"2023-12-13","author":{"@type":"Person","@id":"https:\/\/www.vendee.cz\/author\/#Person","name":"","url":"https:\/\/www.vendee.cz\/author\/","identifier":1,"image":{"@type":"ImageObject","@id":"https:\/\/secure.gravatar.com\/avatar\/739bdad9092f7204ebf16dfadfb581e3e92e1ade2f5cc299a7779b7760a7d2fc?s=96&d=mm&r=g","url":"https:\/\/secure.gravatar.com\/avatar\/739bdad9092f7204ebf16dfadfb581e3e92e1ade2f5cc299a7779b7760a7d2fc?s=96&d=mm&r=g","height":96,"width":96}},"publisher":{"@type":"Organization","name":"vendee.cz","logo":{"@type":"ImageObject","@id":"\/logo.png","url":"\/logo.png","width":600,"height":60}},"image":{"@type":"ImageObject","@id":"https:\/\/www.vendee.cz\/wp-content\/uploads\/achat_sS9AeZ.jpg","url":"https:\/\/www.vendee.cz\/wp-content\/uploads\/achat_sS9AeZ.jpg","height":0,"width":0},"url":"https:\/\/www.vendee.cz\/co-rikate-achatovym-svicnum\/","about":["N\u00e1kupy"],"wordCount":462,"articleBody":"      Je samoz\u0159ejm\u00e9, \u017ee u\u017e si u n\u00e1s d\u00e1vno sv\u00edt\u00edme v\u0161ude mo\u017en\u011b elekt\u0159inou. A dokonce ne jen tak n\u011bjak\u00fdmi sv\u00edtidly, ale v\u00fdhradn\u011b t\u011bmi \u00fasporn\u00fdmi. V\u011bdeck\u00fd v\u00fdvoj n\u00e1m umo\u017enil i zde zbavit se toho, co bylo nepraktick\u00e9, a vyu\u017e\u00edt nejdokonalej\u0161\u00ed v\u00fddobytky civilizace. Ale p\u0159esto to dosud nevedlo a z\u0159ejm\u011b nikdy ani nepovede t\u0159eba k tomu, abychom se jednou prov\u017edy z\u0159ekli pou\u017e\u00edv\u00e1n\u00ed sv\u00ed\u010dek. Po romantice toti\u017e tou\u017e\u00edme neust\u00e1le a sv\u00ed\u010dky n\u00e1m ji dop\u0159\u00e1vaj\u00ed. A kdy\u017e u\u017e n\u011bkdo pou\u017e\u00edv\u00e1 sv\u00ed\u010dky, by\u0165 t\u0159eba i jen ojedin\u011ble, aby si jimi navodil p\u0159\u00edjemn\u00e9 prost\u0159ed\u00ed, je logick\u00e9, \u017ee k nim pot\u0159ebuje i sv\u00edcny.  Sv\u00edcn\u016f je pochopiteln\u011b cel\u00e1 \u0159ada druh\u016f. A nem\u016f\u017eeme se v\u016fbec divit tomu, \u017ee jsou mezi nimi i sv\u00edcny z kamene. Tedy p\u0159esn\u011bji ach\u00e1tov\u00e9 sv\u00edcny. I ty spl\u0148uj\u00ed to, co je od nich o\u010dek\u00e1v\u00e1no, i ty zvl\u00e1daj\u00ed svou z\u00e1kladn\u00ed funkci. Ale nejen to. Ach\u00e1tov\u00e9 sv\u00edcny jsou rovn\u011b\u017e kr\u00e1sn\u00e9, a d\u00edky pou\u017eit\u00e9mu kameni mohou pro lidi symbolizovat i to, co je nehmotn\u00e9, ale co p\u0159esto n\u011bkte\u0159\u00ed z n\u00e1s ochotn\u011b vn\u00edmaj\u00ed a od takov\u00fdch v\u00fdrobk\u016f o\u010dek\u00e1vaj\u00ed. O ach\u00e1tu se toti\u017e traduje t\u0159eba to, \u017ee je kamenem harmonie a partnersk\u00e9 v\u011brnosti. A tak\u00e9 je to jeden z nejstar\u0161\u00edch existuj\u00edc\u00edch l\u00e9\u010div\u00fdch kamen\u016f, dod\u00e1vaj\u00edc\u00edch pr\u00fd s\u00edlu, sebed\u016fv\u011bru a odvahu, ochrann\u00fdch a l\u00e9\u010div\u00fdch. Co\u017e je pochopiteln\u011b n\u011bco, co si n\u011bkte\u0159\u00ed z n\u00e1s lid\u00ed \u017e\u00e1daj\u00ed a co si dop\u0159\u00e1vaj\u00ed i ve form\u011b ach\u00e1tov\u00fdch n\u00e1ramk\u016f, amulet\u016f \u010di talisman\u016f. A pochopiteln\u011b klidn\u011b i takov\u00fdch p\u0159edm\u011bt\u016f, jako jsou sv\u00edcny. Proto\u017ee kdo z n\u00e1s by necht\u011bl b\u00fdt v rovnov\u00e1ze, m\u00edt harmonickou mysl, t\u011blo a ducha?  A takov\u00e9 sv\u00edcny a podobn\u00e9 ach\u00e1tov\u00e9 v\u00fdrobky nejsou rozhodn\u011b \u017e\u00e1dnou novinkou. O existenci t\u011bchto kamen\u016f v\u00ed lidstvo u\u017e p\u0159es osm tis\u00edc let a byly opracov\u00e1v\u00e1ny u\u017e i v d\u00e1vnov\u011bku, kdy se z nich zhotovovaly r\u016fzn\u00e9 n\u00e1stroje, stejn\u011b jako ozdobn\u00e9 a kultovn\u00ed p\u0159edm\u011bty. A i kdy\u017e se t\u011bmito dnes u\u017e nemus\u00edme chr\u00e1nit p\u0159ed jedy, morem a \u017eiveln\u00fdmi pohromami, jak tomu m\u011blo b\u00fdt kdysi, d\u011blaj\u00ed n\u00e1m ach\u00e1tov\u00e9 v\u00fdrobky radost. A koupit si t\u0159eba sv\u00edcny z nich tedy stoj\u00ed ur\u010dit\u011b za to.                                                                                                                                                                                                                                                                                                                                                                                          3.7\/5 - (12 votes)        "},{"@context":"https:\/\/schema.org\/","@type":"BreadcrumbList","itemListElement":[{"@type":"ListItem","position":1,"name":"Co \u0159\u00edk\u00e1te ach\u00e1tov\u00fdm sv\u00edcn\u016fm?","item":"https:\/\/www.vendee.cz\/co-rikate-achatovym-svicnum\/#breadcrumbitem"}]}]