[{"@context":"https:\/\/schema.org\/","@type":"Article","@id":"https:\/\/www.vendee.cz\/budte-krasna-v-jakemkoli-veku\/#Article","mainEntityOfPage":"https:\/\/www.vendee.cz\/budte-krasna-v-jakemkoli-veku\/","headline":"Bu\u010fte kr\u00e1sn\u00e1 v jak\u00e9mkoli v\u011bku","name":"Bu\u010fte kr\u00e1sn\u00e1 v jak\u00e9mkoli v\u011bku","description":"Ka\u017ed\u00e1 \u017eena si p\u0159eje b\u00fdt neust\u00e1le kr\u00e1sn\u00e1 a mlad\u00e1. A\u0165 u\u017e si to p\u0159izn\u00e1 nebo ne. Sen ka\u017ed\u00e9 \u017eeny je vypadat neust\u00e1le dob\u0159e v ka\u017ed\u00e9m v\u011bku. Je jasn\u00e9, \u017ee nem\u016f\u017eeme v\u011bk a p\u0159irozen\u00e9 st\u00e1rnut\u00ed zastavit, ale m\u016f\u017eeme ho pon\u011bkud pozastavit a nemus\u00edme nutn\u011b chodit na nejr\u016fzn\u011bj\u0161\u00ed plastick\u00e9 operace. Velk\u00e9ho zlep\u0161en\u00ed, p\u0159i \u010dem\u017e na\u0161e ple\u0165 bude [&hellip;]","datePublished":"2023-04-18","dateModified":"2024-04-17","author":{"@type":"Person","@id":"https:\/\/www.vendee.cz\/author\/#Person","name":"","url":"https:\/\/www.vendee.cz\/author\/","identifier":1,"image":{"@type":"ImageObject","@id":"https:\/\/secure.gravatar.com\/avatar\/739bdad9092f7204ebf16dfadfb581e3e92e1ade2f5cc299a7779b7760a7d2fc?s=96&d=mm&r=g","url":"https:\/\/secure.gravatar.com\/avatar\/739bdad9092f7204ebf16dfadfb581e3e92e1ade2f5cc299a7779b7760a7d2fc?s=96&d=mm&r=g","height":96,"width":96}},"publisher":{"@type":"Organization","name":"vendee.cz","logo":{"@type":"ImageObject","@id":"\/logo.png","url":"\/logo.png","width":600,"height":60}},"image":{"@type":"ImageObject","@id":"https:\/\/www.vendee.cz\/wp-content\/uploads\/cosmetics-g9d8472289_1920.jpg","url":"https:\/\/www.vendee.cz\/wp-content\/uploads\/cosmetics-g9d8472289_1920.jpg","height":0,"width":0},"url":"https:\/\/www.vendee.cz\/budte-krasna-v-jakemkoli-veku\/","about":["Business"],"wordCount":434,"articleBody":"   Ka\u017ed\u00e1 \u017eena si p\u0159eje b\u00fdt neust\u00e1le kr\u00e1sn\u00e1 a mlad\u00e1. A\u0165 u\u017e si to p\u0159izn\u00e1 nebo ne. Sen ka\u017ed\u00e9 \u017eeny je vypadat neust\u00e1le dob\u0159e v ka\u017ed\u00e9m v\u011bku. Je jasn\u00e9, \u017ee nem\u016f\u017eeme v\u011bk a p\u0159irozen\u00e9 st\u00e1rnut\u00ed zastavit, ale m\u016f\u017eeme ho pon\u011bkud pozastavit a nemus\u00edme nutn\u011b chodit na nejr\u016fzn\u011bj\u0161\u00ed plastick\u00e9 operace. Velk\u00e9ho zlep\u0161en\u00ed, p\u0159i \u010dem\u017e na\u0161e ple\u0165 bude vypadat opravdu dokonale dok\u00e1\u017eeme i d\u00edky kolagenu, kter\u00fd dokonale dod\u00e1 na\u0161\u00ed pleti perfektn\u00ed pru\u017enost, sv\u011b\u017eest a dostatek vitam\u00edn\u016f, kter\u00e9 jsou dobr\u00e9 na spoustu bun\u011bk v na\u0161em t\u011ble, tud\u00ed\u017e nemus\u00edte o\u010dek\u00e1vat jen nejr\u016fzn\u011bj\u0161\u00ed benefity v oblasti va\u0161eho obli\u010deje, ale m\u016f\u017eete se t\u011b\u0161it na nejr\u016fzn\u011bj\u0161\u00ed zdravotn\u00ed benefity nap\u0159\u00edklad ve form\u011b zlep\u0161en\u00fdch kloub\u016f apod. Mysl\u00edte si, \u017ee nic jako dopln\u011bk stravy v\u00e1m nem\u016f\u017ee pomoct s va\u0161\u00ed pleti a \u017ee jsou to jen vyhozen\u00e9 pen\u00edze? U n\u011bkter\u00fdch dopl\u0148k\u016f ur\u010dit\u011b ano, ale kolagen je l\u00e1tka, kter\u00e1 se p\u0159irozen\u011b vyskytuje v na\u0161em t\u011ble a \u010dasem odch\u00e1z\u00ed a je pot\u0159eba tuto l\u00e1tku doplnit, abychom t\u011blo trochu o\u0161\u00e1lili a c\u00edtili se o n\u011bco mlad\u0161\u00ed. Nemus\u00edte nutn\u011b kupovat p\u0159edr\u017een\u00e9 dopl\u0148ky stravy, kter\u00e9 nefunguj\u00ed, ale m\u016f\u017eete se pod\u00edvat na na\u0161e nab\u00eddky, kter\u00e9 v\u00e1s jist\u011b oslov\u00ed a vy budete cht\u00edt hned vyzkou\u0161et, jak\u00fd \u00fa\u010dinek bude celkov\u00e1 k\u016fra m\u00edt pr\u00e1v\u011b na v\u00e1s. Ne\u010dekejte a\u017e va\u0161e ple\u0165 bude opravdu zral\u00e1 a bude to na ni vid\u011bt. S na\u0161imi dopl\u0148ky m\u016f\u017eete za\u010d\u00edt v podstat\u011b v kter\u00e9mkoli v\u011bku a m\u016f\u017eete si dop\u0159\u00e1t opravdu kvalitn\u00ed vitam\u00edny a p\u00e9\u010di, d\u00edky kter\u00e9 se budete c\u00edtit opravdu skv\u011ble. Takov\u00fd kolagen na ple\u0165 je opravdu perfektn\u00edm dopl\u0148kem stravy nejen pro \u017eeny, ale tak\u00e9 pro mu\u017ee. Je velmi d\u016fle\u017eit\u00e9 pou\u017e\u00edvat kvalitn\u00ed vitam\u00edny, abyste se c\u00edtili dob\u0159e vevnit\u0159 i zevn\u011bj\u0161ku. Pod\u00edvejte se na na\u0161e obl\u00edben\u00e9 dopl\u0148ky stravy, vyberte si ten prav\u00fd kolagen p\u0159\u00edmo pro v\u00e1s a uvid\u00edte, jak se v\u00e1\u0161 obli\u010dej b\u011bhem p\u00e1r t\u00fddn\u016f okam\u017eit\u011b rozz\u00e1\u0159\u00ed a vy se budete c\u00edtit jako \u00fapln\u011b nov\u00fd \u010dlov\u011bk, kter\u00fd se c\u00edt\u00ed dob\u0159e ve sv\u00e9m t\u011ble.                                                                                                                                                                                                                                                                                                                                                                                          3.8\/5 - (10 votes)        "},{"@context":"https:\/\/schema.org\/","@type":"BreadcrumbList","itemListElement":[{"@type":"ListItem","position":1,"name":"Bu\u010fte kr\u00e1sn\u00e1 v jak\u00e9mkoli v\u011bku","item":"https:\/\/www.vendee.cz\/budte-krasna-v-jakemkoli-veku\/#breadcrumbitem"}]}]